{"id":6845,"date":"2026-02-12T22:33:20","date_gmt":"2026-02-13T05:33:20","guid":{"rendered":"https:\/\/matutino1179.com\/?p=6845"},"modified":"2026-03-16T09:44:20","modified_gmt":"2026-03-16T16:44:20","slug":"mas-de-400-vacantes-tendra-la-feria-del-empleo-navojoa-2026","status":"publish","type":"post","link":"https:\/\/matutino1179.com\/index.php\/2026\/02\/12\/mas-de-400-vacantes-tendra-la-feria-del-empleo-navojoa-2026\/","title":{"rendered":"M\u00e1s de 400 vacantes tendr\u00e1 la Feria del Empleo Navojoa 2026"},"content":{"rendered":"<h5>El pr\u00f3ximo jueves 19 de febrero se realizar\u00e1 la Feria del Empleo Navojoa 2026 en la Plaza 5 de Mayo, donde se ofertar\u00e1n m\u00e1s de 400 vacantes como resultado de la coordinaci\u00f3n entre organismos p\u00fablicos y privados, empresas, el Servicio Nacional del Empleo (SNE), la Secretar\u00eda del Trabajo y el Ayuntamiento.<\/h5>\n<hr \/>\n<p>Durante el anuncio del evento particip\u00f3 Isaura Monta\u00f1o Andrade, en representaci\u00f3n del secretario de Desarrollo Econ\u00f3mico Municipal, Luis Enrique Cant\u00fa, quien inform\u00f3 que se instalar\u00e1n al menos 30 stands, entre ellos los de Canacintra Valle del Mayo, Coparmex, Servicio de Administraci\u00f3n Tributaria (SAT) y J\u00f3venes Construyendo el Futuro, con vacantes en distintos sectores productivos y para diversos niveles escolares.<\/p>\n<p>La coordinadora del SNE en Navojoa, Ana Sof\u00eda Miranda Buelna, se\u00f1al\u00f3 que hasta el momento se tienen registradas 461 vacantes, cifra que podr\u00eda incrementarse en los pr\u00f3ximos d\u00edas conforme se sumen m\u00e1s empresas participantes.<\/p>\n<p>Navojoa<\/p>\n","protected":false},"excerpt":{"rendered":"<p>El pr\u00f3ximo jueves 19 de febrero se realizar\u00e1 la Feria del Empleo Navojoa 2026 en la Plaza 5<\/p>\n","protected":false},"author":1,"featured_media":6846,"comment_status":"open","ping_status":"closed","sticky":false,"template":"","format":"standard","meta":{"footnotes":""},"categories":[2],"tags":[],"class_list":["post-6845","post","type-post","status-publish","format-standard","has-post-thumbnail","hentry","category-local_id"],"_links":{"self":[{"href":"https:\/\/matutino1179.com\/index.php\/wp-json\/wp\/v2\/posts\/6845","targetHints":{"allow":["GET"]}}],"collection":[{"href":"https:\/\/matutino1179.com\/index.php\/wp-json\/wp\/v2\/posts"}],"about":[{"href":"https:\/\/matutino1179.com\/index.php\/wp-json\/wp\/v2\/types\/post"}],"author":[{"embeddable":true,"href":"https:\/\/matutino1179.com\/index.php\/wp-json\/wp\/v2\/users\/1"}],"replies":[{"embeddable":true,"href":"https:\/\/matutino1179.com\/index.php\/wp-json\/wp\/v2\/comments?post=6845"}],"version-history":[{"count":1,"href":"https:\/\/matutino1179.com\/index.php\/wp-json\/wp\/v2\/posts\/6845\/revisions"}],"predecessor-version":[{"id":6847,"href":"https:\/\/matutino1179.com\/index.php\/wp-json\/wp\/v2\/posts\/6845\/revisions\/6847"}],"wp:featuredmedia":[{"embeddable":true,"href":"https:\/\/matutino1179.com\/index.php\/wp-json\/wp\/v2\/media\/6846"}],"wp:attachment":[{"href":"https:\/\/matutino1179.com\/index.php\/wp-json\/wp\/v2\/media?parent=6845"}],"wp:term":[{"taxonomy":"category","embeddable":true,"href":"https:\/\/matutino1179.com\/index.php\/wp-json\/wp\/v2\/categories?post=6845"},{"taxonomy":"post_tag","embeddable":true,"href":"https:\/\/matutino1179.com\/index.php\/wp-json\/wp\/v2\/tags?post=6845"}],"curies":[{"name":"wp","href":"https:\/\/api.w.org\/{rel}","templated":true}]}}