{"id":3447,"date":"2025-05-15T21:11:32","date_gmt":"2025-05-16T04:11:32","guid":{"rendered":"https:\/\/matutino1179.com\/?p=3447"},"modified":"2025-05-16T21:17:25","modified_gmt":"2025-05-17T04:17:25","slug":"se-realizo-jornada-de-salud-colectiva-en-antonio-rosales-promoviendo-acciones-de-promocion-y-prevencion-como","status":"publish","type":"post","link":"https:\/\/matutino1179.com\/index.php\/2025\/05\/15\/se-realizo-jornada-de-salud-colectiva-en-antonio-rosales-promoviendo-acciones-de-promocion-y-prevencion-como\/","title":{"rendered":"Se realiz\u00f3 Jornada de Salud Colectiva en Antonio Rosales, promoviendo acciones de promoci\u00f3n y prevenci\u00f3n como:"},"content":{"rendered":"<p>-Vacunaci\u00f3n universal<\/p>\n<p>-Detecciones de enfermedades cr\u00f3nico degenerativas<\/p>\n<p>-Papanicolaou y exploraci\u00f3n de mama<\/p>\n<p>-salud visual y entrega de lentes<\/p>\n\n\n<figure class=\"wp-block-embed is-type-rich is-provider-twitter wp-block-embed-twitter\"><div class=\"wp-block-embed__wrapper\">\n<blockquote class=\"twitter-tweet\" data-width=\"550\" data-dnt=\"true\"><p lang=\"es\" dir=\"ltr\">Se realiz\u00f3 Jornada de Salud Colectiva en Antonio Rosales, promoviendo acciones de promoci\u00f3n y prevenci\u00f3n como:<br><br>-Vacunaci\u00f3n universal<br>-Detecciones de enfermedades cr\u00f3nico degenerativas<br>-Papanicolaou y exploraci\u00f3n de mama<br>-salud visual y entrega de lentes<a href=\"https:\/\/twitter.com\/hashtag\/SaludSonora?src=hash&amp;ref_src=twsrc%5Etfw\">#SaludSonora<\/a> <a href=\"https:\/\/t.co\/2ZweyOD0xm\">pic.twitter.com\/2ZweyOD0xm<\/a><\/p>&mdash; Salud Sonora (@ssaludsonora) <a href=\"https:\/\/twitter.com\/ssaludsonora\/status\/1923068395395649684?ref_src=twsrc%5Etfw\">May 15, 2025<\/a><\/blockquote><script async src=\"https:\/\/platform.twitter.com\/widgets.js\" charset=\"utf-8\"><\/script>\n<\/div><\/figure>\n","protected":false},"excerpt":{"rendered":"<p>-Vacunaci\u00f3n universal -Detecciones de enfermedades cr\u00f3nico degenerativas -Papanicolaou y exploraci\u00f3n de mama -salud visual y entrega de lentes<\/p>\n","protected":false},"author":1,"featured_media":3448,"comment_status":"open","ping_status":"closed","sticky":false,"template":"","format":"standard","meta":{"om_disable_all_campaigns":false,"_monsterinsights_skip_tracking":false,"_monsterinsights_sitenote_active":false,"_monsterinsights_sitenote_note":"","_monsterinsights_sitenote_category":0,"footnotes":""},"categories":[3],"tags":[],"class_list":["post-3447","post","type-post","status-publish","format-standard","has-post-thumbnail","hentry","category-estatal_id"],"aioseo_notices":[],"_links":{"self":[{"href":"https:\/\/matutino1179.com\/index.php\/wp-json\/wp\/v2\/posts\/3447","targetHints":{"allow":["GET"]}}],"collection":[{"href":"https:\/\/matutino1179.com\/index.php\/wp-json\/wp\/v2\/posts"}],"about":[{"href":"https:\/\/matutino1179.com\/index.php\/wp-json\/wp\/v2\/types\/post"}],"author":[{"embeddable":true,"href":"https:\/\/matutino1179.com\/index.php\/wp-json\/wp\/v2\/users\/1"}],"replies":[{"embeddable":true,"href":"https:\/\/matutino1179.com\/index.php\/wp-json\/wp\/v2\/comments?post=3447"}],"version-history":[{"count":1,"href":"https:\/\/matutino1179.com\/index.php\/wp-json\/wp\/v2\/posts\/3447\/revisions"}],"predecessor-version":[{"id":3449,"href":"https:\/\/matutino1179.com\/index.php\/wp-json\/wp\/v2\/posts\/3447\/revisions\/3449"}],"wp:featuredmedia":[{"embeddable":true,"href":"https:\/\/matutino1179.com\/index.php\/wp-json\/wp\/v2\/media\/3448"}],"wp:attachment":[{"href":"https:\/\/matutino1179.com\/index.php\/wp-json\/wp\/v2\/media?parent=3447"}],"wp:term":[{"taxonomy":"category","embeddable":true,"href":"https:\/\/matutino1179.com\/index.php\/wp-json\/wp\/v2\/categories?post=3447"},{"taxonomy":"post_tag","embeddable":true,"href":"https:\/\/matutino1179.com\/index.php\/wp-json\/wp\/v2\/tags?post=3447"}],"curies":[{"name":"wp","href":"https:\/\/api.w.org\/{rel}","templated":true}]}}